{"id":7382,"date":"2025-03-03T13:15:00","date_gmt":"2025-03-03T12:15:00","guid":{"rendered":"https:\/\/alliancefr.se\/uppsala\/?p=7382"},"modified":"2025-03-03T13:04:51","modified_gmt":"2025-03-03T12:04:51","slug":"reunion-annuelle-avec-programme","status":"publish","type":"post","link":"https:\/\/alliancefr.se\/uppsala\/2025\/03\/03\/reunion-annuelle-avec-programme\/","title":{"rendered":"R\u00e9union annuelle avec programme"},"content":{"rendered":"\t\t<div data-elementor-type=\"wp-post\" data-elementor-id=\"7382\" class=\"elementor elementor-7382\">\n\t\t\t\t\t\t<section class=\"elementor-section elementor-top-section elementor-element elementor-element-2a587ba elementor-section-boxed elementor-section-height-default elementor-section-height-default\" data-id=\"2a587ba\" data-element_type=\"section\">\n\t\t\t\t\t\t<div class=\"elementor-container elementor-column-gap-default\">\n\t\t\t\t\t<div class=\"elementor-column elementor-col-100 elementor-top-column elementor-element elementor-element-dbade5f\" data-id=\"dbade5f\" data-element_type=\"column\">\n\t\t\t<div class=\"elementor-widget-wrap elementor-element-populated\">\n\t\t\t\t\t\t<div class=\"elementor-element elementor-element-0f77c5a elementor-widget elementor-widget-text-editor\" data-id=\"0f77c5a\" data-element_type=\"widget\" data-widget_type=\"text-editor.default\">\n\t\t\t\t<div class=\"elementor-widget-container\">\n\t\t\t\t\t\t\t\t\t<p><strong>Mercredi 26 mars 2025, 18.00-21.00 &#8211; Inscription pr\u00e9alable &#8211; Langue : r\u00e9union annuelle en su\u00e9dois, programme en fran\u00e7ais<\/strong><\/p><p><strong>Tr\u00e4ffpunkten, Stora salen, Storgatan 11, Uppsala<\/strong><\/p><p>Apr\u00e8s la r\u00e9union annuelle de l&rsquo;association pour 2025, Aur\u00e9lie Calo\u00ef parlera des sites bourguignons inscrits sur la liste du patrimoine mondial de l&rsquo;UNESCO.<\/p><p>Aur\u00e9lie Calo\u00ef est stagiaire Erasmus au d\u00e9partement des langues vivantes de l&rsquo;universit\u00e9 d&rsquo;Uppsala au printemps 2025. Elle est originaire de la r\u00e9gion Bourgogne en France et \u00e9tudie \u00e0 l&rsquo;Universit\u00e9 Bourgogne Europe (UBE).<\/p><p>La r\u00e9union annuelle est <strong>ouverte uniquement aux membres de l&rsquo;association<\/strong>. Toutefois, le programme est ouvert aux membres (gratuitement) et aux invit\u00e9s des membres (qui paient 60 SEK via Swich \u00e0 l&rsquo;entr\u00e9e).<\/p><p>L&rsquo;inscription au buffet qui suivra l&rsquo;Assembl\u00e9e annuelle pour les membres co\u00fbte 150kr, y compris un verre de vin, et doit \u00eatre <strong>r\u00e9gl\u00e9e \u00e0 l&rsquo;avance avant le 24 mars \u00e0 12h00<\/strong>. Veuillez noter l&rsquo;heure. Veuillez noter que l&rsquo;inscription est obligatoire et qu&rsquo;aucun remboursement ne sera effectu\u00e9 en cas d&rsquo;annulation.<\/p><p>Formulaire d&rsquo;inscription (en su\u00e9dois uniquement) : <a href=\"https:\/\/forms.gle\/kj7RjaDsdjMw4yWM6\">https:\/\/forms.gle\/kj7RjaDsdjMw4yWM6<\/a><\/p><p>Vous pouvez payer \u00e0 l&rsquo;Alliance fran\u00e7aise d&rsquo;Upsal via plusgiro 11 62 35-3 ou Swish 123 596 67 59.<\/p><p>Lien vers l&rsquo;invitation officielle (en su\u00e9dois uniquement) : <a href=\"http:\/\/alliancefr.se\/uppsala\/wp-content\/uploads\/sites\/13\/2025\/03\/Kallelse-AFU-arsmote-2025-03-26.pdf\" target=\"_blank\" rel=\"noopener\">PDF<\/a><\/p><p>Bild: Destination Uppsala<\/p>\t\t\t\t\t\t\t\t<\/div>\n\t\t\t\t<\/div>\n\t\t\t\t\t<\/div>\n\t\t<\/div>\n\t\t\t\t\t<\/div>\n\t\t<\/section>\n\t\t\t\t<\/div>\n\t\t","protected":false},"excerpt":{"rendered":"<p>Mercredi 26 mars 2025, 18.00-21.00 &#8211; Inscription pr\u00e9alable &#8211; Langue : r\u00e9union annuelle en su\u00e9dois, programme en fran\u00e7ais Tr\u00e4ffpunkten, Stora salen, Storgatan 11, Uppsala Apr\u00e8s la r\u00e9union annuelle de l&rsquo;association pour 2025, Aur\u00e9lie Calo\u00ef parlera des sites bourguignons inscrits sur la liste du patrimoine mondial de l&rsquo;UNESCO. Aur\u00e9lie Calo\u00ef est stagiaire Erasmus au d\u00e9partement des langues vivantes de l&rsquo;universit\u00e9 d&rsquo;Uppsala au printemps 2025. Elle est originaire de la r\u00e9gion Bourgogne en France et \u00e9tudie \u00e0 l&rsquo;Universit\u00e9 Bourgogne Europe (UBE). La r\u00e9union annuelle est ouverte uniquement aux membres de l&rsquo;association. Toutefois, le programme est ouvert aux membres (gratuitement) et aux invit\u00e9s des membres (qui paient 60 SEK via Swich \u00e0 l&rsquo;entr\u00e9e). L&rsquo;inscription au buffet qui suivra l&rsquo;Assembl\u00e9e annuelle pour les membres co\u00fbte 150kr, y compris un verre de vin, et doit \u00eatre r\u00e9gl\u00e9e \u00e0 l&rsquo;avance avant le 24 mars \u00e0 12h00. Veuillez noter l&rsquo;heure. Veuillez noter que l&rsquo;inscription est obligatoire et qu&rsquo;aucun remboursement ne sera effectu\u00e9 en cas d&rsquo;annulation. Formulaire d&rsquo;inscription (en su\u00e9dois uniquement) : https:\/\/forms.gle\/kj7RjaDsdjMw4yWM6 Vous pouvez payer \u00e0 l&rsquo;Alliance fran\u00e7aise d&rsquo;Upsal via plusgiro 11 62 35-3 ou Swish 123 596 67 59. Lien vers l&rsquo;invitation officielle (en su\u00e9dois uniquement) : PDF Bild: Destination Uppsala<\/p>\n","protected":false},"author":17,"featured_media":7383,"comment_status":"closed","ping_status":"closed","sticky":false,"template":"","format":"standard","meta":{"om_disable_all_campaigns":false,"_monsterinsights_skip_tracking":false,"_monsterinsights_sitenote_active":false,"_monsterinsights_sitenote_note":"","_monsterinsights_sitenote_category":0,"_uf_show_specific_survey":0,"_uf_disable_surveys":false,"footnotes":""},"categories":[1],"tags":[],"class_list":["post-7382","post","type-post","status-publish","format-standard","has-post-thumbnail","hentry","category-non-classe"],"aioseo_notices":[],"rttpg_featured_image_url":{"full":["https:\/\/alliancefr.se\/uppsala\/wp-content\/uploads\/sites\/13\/2025\/03\/Arsmote-25.png",1920,1080,false],"landscape":["https:\/\/alliancefr.se\/uppsala\/wp-content\/uploads\/sites\/13\/2025\/03\/Arsmote-25.png",1920,1080,false],"portraits":["https:\/\/alliancefr.se\/uppsala\/wp-content\/uploads\/sites\/13\/2025\/03\/Arsmote-25.png",1920,1080,false],"thumbnail":["https:\/\/alliancefr.se\/uppsala\/wp-content\/uploads\/sites\/13\/2025\/03\/Arsmote-25-150x150.png",150,150,true],"medium":["https:\/\/alliancefr.se\/uppsala\/wp-content\/uploads\/sites\/13\/2025\/03\/Arsmote-25-300x169.png",300,169,true],"large":["https:\/\/alliancefr.se\/uppsala\/wp-content\/uploads\/sites\/13\/2025\/03\/Arsmote-25-1024x576.png",960,540,true],"1536x1536":["https:\/\/alliancefr.se\/uppsala\/wp-content\/uploads\/sites\/13\/2025\/03\/Arsmote-25-1536x864.png",1536,864,true],"2048x2048":["https:\/\/alliancefr.se\/uppsala\/wp-content\/uploads\/sites\/13\/2025\/03\/Arsmote-25.png",1920,1080,false],"ashe-slider-full-thumbnail":["https:\/\/alliancefr.se\/uppsala\/wp-content\/uploads\/sites\/13\/2025\/03\/Arsmote-25-1080x540.png",1080,540,true],"ashe-full-thumbnail":["https:\/\/alliancefr.se\/uppsala\/wp-content\/uploads\/sites\/13\/2025\/03\/Arsmote-25-1140x641.png",1140,641,true],"ashe-list-thumbnail":["https:\/\/alliancefr.se\/uppsala\/wp-content\/uploads\/sites\/13\/2025\/03\/Arsmote-25-300x300.png",300,300,true],"ashe-grid-thumbnail":["https:\/\/alliancefr.se\/uppsala\/wp-content\/uploads\/sites\/13\/2025\/03\/Arsmote-25-500x330.png",500,330,true],"ashe-single-navigation":["https:\/\/alliancefr.se\/uppsala\/wp-content\/uploads\/sites\/13\/2025\/03\/Arsmote-25-75x75.png",75,75,true]},"rttpg_author":{"display_name":"afuppsala","author_link":"https:\/\/alliancefr.se\/uppsala\/author\/afuppsala\/"},"rttpg_comment":0,"rttpg_category":"<a href=\"https:\/\/alliancefr.se\/uppsala\/category\/non-classe\/\" rel=\"category tag\">Non class\u00e9<\/a>","rttpg_excerpt":"Mercredi 26 mars 2025, 18.00-21.00 &#8211; Inscription pr\u00e9alable &#8211; Langue : r\u00e9union annuelle en su\u00e9dois, programme en fran\u00e7ais Tr\u00e4ffpunkten, Stora salen, Storgatan 11, Uppsala Apr\u00e8s la r\u00e9union annuelle de l&rsquo;association pour 2025, Aur\u00e9lie Calo\u00ef parlera des sites bourguignons inscrits sur la liste du patrimoine mondial de l&rsquo;UNESCO. Aur\u00e9lie Calo\u00ef est stagiaire Erasmus au d\u00e9partement des\u2026","_links":{"self":[{"href":"https:\/\/alliancefr.se\/uppsala\/wp-json\/wp\/v2\/posts\/7382","targetHints":{"allow":["GET"]}}],"collection":[{"href":"https:\/\/alliancefr.se\/uppsala\/wp-json\/wp\/v2\/posts"}],"about":[{"href":"https:\/\/alliancefr.se\/uppsala\/wp-json\/wp\/v2\/types\/post"}],"author":[{"embeddable":true,"href":"https:\/\/alliancefr.se\/uppsala\/wp-json\/wp\/v2\/users\/17"}],"replies":[{"embeddable":true,"href":"https:\/\/alliancefr.se\/uppsala\/wp-json\/wp\/v2\/comments?post=7382"}],"version-history":[{"count":7,"href":"https:\/\/alliancefr.se\/uppsala\/wp-json\/wp\/v2\/posts\/7382\/revisions"}],"predecessor-version":[{"id":7392,"href":"https:\/\/alliancefr.se\/uppsala\/wp-json\/wp\/v2\/posts\/7382\/revisions\/7392"}],"wp:featuredmedia":[{"embeddable":true,"href":"https:\/\/alliancefr.se\/uppsala\/wp-json\/wp\/v2\/media\/7383"}],"wp:attachment":[{"href":"https:\/\/alliancefr.se\/uppsala\/wp-json\/wp\/v2\/media?parent=7382"}],"wp:term":[{"taxonomy":"category","embeddable":true,"href":"https:\/\/alliancefr.se\/uppsala\/wp-json\/wp\/v2\/categories?post=7382"},{"taxonomy":"post_tag","embeddable":true,"href":"https:\/\/alliancefr.se\/uppsala\/wp-json\/wp\/v2\/tags?post=7382"}],"curies":[{"name":"wp","href":"https:\/\/api.w.org\/{rel}","templated":true}]}}