{"id":3179,"date":"2022-09-09T10:38:56","date_gmt":"2022-09-09T08:38:56","guid":{"rendered":"https:\/\/alliancefr.se\/uppsala\/2022\/09\/09\/forfattarkvall-det-svarta-st-barthelemy\/"},"modified":"2024-05-02T14:10:15","modified_gmt":"2024-05-02T12:10:15","slug":"forfattarkvall-det-svarta-st-barthelemy","status":"publish","type":"post","link":"https:\/\/alliancefr.se\/uppsala\/2022\/09\/09\/forfattarkvall-det-svarta-st-barthelemy\/","title":{"rendered":"F\u00f6rfattarkv\u00e4ll \u2013 Det svarta S:t Barth\u00e9lemy"},"content":{"rendered":"\n<h4 class=\"wp-block-heading\"><strong>Uppsalahistorikern och f\u00f6rfattaren Fredrik Thomasson<\/strong> ber\u00e4ttar om sin bok <strong>\u00ab\u00a0Det svarta S:t Barth\u00e9lemy\u00a0\u00bb,<\/strong> som kom i fjol.<\/h4>\n\n\n\n<h4 class=\"wp-block-heading\"><strong>Torsdag 15 september kl 18.00 i Mallasalen, Uppsala stadsbibliotek<\/strong><br>Ingen f\u00f6ranm\u00e4lan. Fritt intr\u00e4de f\u00f6r alla.<br>Sten Hagberg, professor i kulturantropologi, \u00e4r moderator.<\/h4>\n\n\n\n<p>Thomasson har under m\u00e5nga \u00e5r bland annat i Frankrike pl\u00f6jt gamla illa \u00e5tg\u00e5ngna r\u00e4tteg\u00e5ngsprotokoll fr\u00e5n Sveriges besittning i V\u00e4stindien mellan 1784 och 1878 \u2013 en \u00f6 som Sverige erh\u00f6ll och sedermera \u00e5terl\u00e4mnade till Frankrike. D\u00e4remellan anv\u00e4ndes \u00f6n till bland annat handel med f\u00f6rslavade afrikaner och slaveri, och icke-vita inv\u00e5nare lydde under s\u00e4rskilda lagar kallade Code Noir. <\/p>\n\n\n\n<p>I samarbete med Stadsbiblioteket.<\/p>\n","protected":false},"excerpt":{"rendered":"<p>Uppsalahistorikern och f\u00f6rfattaren Fredrik Thomasson ber\u00e4ttar om sin bok \u00ab\u00a0Det svarta S:t Barth\u00e9lemy\u00a0\u00bb, som kom i fjol. Torsdag 15 september kl 18.00 i Mallasalen, Uppsala stadsbibliotekIngen f\u00f6ranm\u00e4lan. Fritt intr\u00e4de f\u00f6r alla.Sten Hagberg, professor i kulturantropologi, \u00e4r moderator. Thomasson har under m\u00e5nga \u00e5r bland annat i Frankrike pl\u00f6jt gamla illa \u00e5tg\u00e5ngna r\u00e4tteg\u00e5ngsprotokoll fr\u00e5n Sveriges besittning i V\u00e4stindien mellan 1784 och 1878 \u2013 en \u00f6 som Sverige erh\u00f6ll och sedermera \u00e5terl\u00e4mnade till Frankrike. D\u00e4remellan anv\u00e4ndes \u00f6n till bland annat handel med f\u00f6rslavade afrikaner och slaveri, och icke-vita inv\u00e5nare lydde under s\u00e4rskilda lagar kallade Code Noir. I samarbete med Stadsbiblioteket.<\/p>\n","protected":false},"author":1,"featured_media":0,"comment_status":"closed","ping_status":"closed","sticky":false,"template":"","format":"standard","meta":{"om_disable_all_campaigns":false,"_monsterinsights_skip_tracking":false,"_monsterinsights_sitenote_active":false,"_monsterinsights_sitenote_note":"","_monsterinsights_sitenote_category":0,"_uf_show_specific_survey":0,"_uf_disable_surveys":false,"footnotes":""},"categories":[1],"tags":[],"class_list":["post-3179","post","type-post","status-publish","format-standard","hentry","category-non-classe"],"aioseo_notices":[],"rttpg_featured_image_url":null,"rttpg_author":{"display_name":"Super.admin","author_link":"https:\/\/alliancefr.se\/uppsala\/author\/admin2174\/"},"rttpg_comment":0,"rttpg_category":"<a href=\"https:\/\/alliancefr.se\/uppsala\/category\/non-classe\/\" rel=\"category tag\">Non class\u00e9<\/a>","rttpg_excerpt":"Uppsalahistorikern och f\u00f6rfattaren Fredrik Thomasson ber\u00e4ttar om sin bok \u00ab\u00a0Det svarta S:t Barth\u00e9lemy\u00a0\u00bb, som kom i fjol. Torsdag 15 september kl 18.00 i Mallasalen, Uppsala stadsbibliotekIngen f\u00f6ranm\u00e4lan. Fritt intr\u00e4de f\u00f6r alla.Sten Hagberg, professor i kulturantropologi, \u00e4r moderator. Thomasson har under m\u00e5nga \u00e5r bland annat i Frankrike pl\u00f6jt gamla illa \u00e5tg\u00e5ngna r\u00e4tteg\u00e5ngsprotokoll fr\u00e5n Sveriges besittning i\u2026","_links":{"self":[{"href":"https:\/\/alliancefr.se\/uppsala\/wp-json\/wp\/v2\/posts\/3179","targetHints":{"allow":["GET"]}}],"collection":[{"href":"https:\/\/alliancefr.se\/uppsala\/wp-json\/wp\/v2\/posts"}],"about":[{"href":"https:\/\/alliancefr.se\/uppsala\/wp-json\/wp\/v2\/types\/post"}],"author":[{"embeddable":true,"href":"https:\/\/alliancefr.se\/uppsala\/wp-json\/wp\/v2\/users\/1"}],"replies":[{"embeddable":true,"href":"https:\/\/alliancefr.se\/uppsala\/wp-json\/wp\/v2\/comments?post=3179"}],"version-history":[{"count":2,"href":"https:\/\/alliancefr.se\/uppsala\/wp-json\/wp\/v2\/posts\/3179\/revisions"}],"predecessor-version":[{"id":6355,"href":"https:\/\/alliancefr.se\/uppsala\/wp-json\/wp\/v2\/posts\/3179\/revisions\/6355"}],"wp:attachment":[{"href":"https:\/\/alliancefr.se\/uppsala\/wp-json\/wp\/v2\/media?parent=3179"}],"wp:term":[{"taxonomy":"category","embeddable":true,"href":"https:\/\/alliancefr.se\/uppsala\/wp-json\/wp\/v2\/categories?post=3179"},{"taxonomy":"post_tag","embeddable":true,"href":"https:\/\/alliancefr.se\/uppsala\/wp-json\/wp\/v2\/tags?post=3179"}],"curies":[{"name":"wp","href":"https:\/\/api.w.org\/{rel}","templated":true}]}}